{"id":588,"date":"2026-04-01T14:00:00","date_gmt":"2026-04-01T14:00:00","guid":{"rendered":"https:\/\/sequencemarketing.ca\/?p=588"},"modified":"2026-04-01T17:22:28","modified_gmt":"2026-04-01T17:22:28","slug":"30e-edition-de-la-soiree-dans-les-maritimes-dable2","status":"publish","type":"post","link":"https:\/\/sequencemarketing.ca\/fr\/blog\/30e-edition-de-la-soiree-dans-les-maritimes-dable2\/","title":{"rendered":"S\u00e9quence Marketing est fi\u00e8re de renouveler son engagement \u00e0 titre de commanditaire m\u00e9dia pour la 30e \u00e9dition de la Soir\u00e9e dans les Maritimes d\u2019ABLE2"},"content":{"rendered":"\n<div class=\"wp-block-columns is-layout-flex wp-container-core-columns-is-layout-1 wp-block-columns-is-layout-flex\">\n<div class=\"wp-block-column is-layout-flow wp-block-column-is-layout-flow\" style=\"flex-basis:50%\">\n<p>Chez S\u00e9quence Marketing, les partenariats durables sont au c\u0153ur de tout ce que nous faisons, particuli\u00e8rement ceux qui ont un impact concret dans notre communaut\u00e9. C\u2019est pourquoi nous sommes fiers d\u2019agir \u00e0 nouveau comme commanditaire m\u00e9dia de <strong><em>la<\/em><\/strong> <strong><em>Soir\u00e9e dans les Maritimes<\/em><\/strong> <strong><em>d\u2019ABLE2<\/em><\/strong>, qui c\u00e9l\u00e8bre cette ann\u00e9e son 30e anniversaire.<\/p>\n\n\n\n<p>Cet \u00e9v\u00e9nement signature est devenu un incontournable \u00e0 Ottawa, rassemblant des leaders communautaires, des entreprises locales et des partenaires autour d\u2019une soir\u00e9e m\u00e9morable inspir\u00e9e de l\u2019hospitalit\u00e9 des provinces de l\u2019Atlantique. Entre fruits de mer frais, divertissement en direct et ambiance chaleureuse, la Soir\u00e9e dans les Maritimes offre une exp\u00e9rience unique, au profit d\u2019une cause essentielle.<\/p>\n<\/div>\n\n\n\n<div class=\"wp-block-column is-vertically-aligned-center is-layout-flow wp-block-column-is-layout-flow\" style=\"flex-basis:50%\">\n<figure class=\"wp-block-image size-large\"><img loading=\"lazy\" decoding=\"async\" width=\"1024\" height=\"684\" src=\"https:\/\/sequencemarketing.ca\/app\/uploads\/2026\/03\/EITM-2025-SequenceMarketing-1024x684.jpg\" alt=\"\" class=\"wp-image-587\" srcset=\"https:\/\/sequencemarketing.ca\/app\/uploads\/2026\/03\/EITM-2025-SequenceMarketing-1024x684.jpg 1024w, https:\/\/sequencemarketing.ca\/app\/uploads\/2026\/03\/EITM-2025-SequenceMarketing-300x200.jpg 300w, https:\/\/sequencemarketing.ca\/app\/uploads\/2026\/03\/EITM-2025-SequenceMarketing-768x513.jpg 768w, https:\/\/sequencemarketing.ca\/app\/uploads\/2026\/03\/EITM-2025-SequenceMarketing-1536x1025.jpg 1536w, https:\/\/sequencemarketing.ca\/app\/uploads\/2026\/03\/EITM-2025-SequenceMarketing-2048x1367.jpg 2048w\" sizes=\"(max-width: 1024px) 100vw, 1024px\" \/><\/figure>\n<\/div>\n<\/div>\n\n\n\n<p>ABLE2 joue un r\u00f4le cl\u00e9 en permettant aux personnes en situation de handicap de cr\u00e9er des liens, d\u2019acc\u00e9der \u00e0 du soutien et de vivre dans un environnement plus inclusif. Leurs programmes favorisent l\u2019autonomie, le sentiment d\u2019appartenance et les opportunit\u00e9s au sein de notre communaut\u00e9, avec un impact r\u00e9el pour de nombreuses personnes et familles.<\/p>\n\n\n\n<p>\u00c0 titre de partenaire m\u00e9dia, notre r\u00f4le est de faire rayonner cet impact et de contribuer \u00e0 faire grandir l\u2019\u00e9v\u00e9nement ann\u00e9e apr\u00e8s ann\u00e9e. Faire partie de cette initiative est toujours un r\u00e9el plaisir pour notre \u00e9quipe, et nous sommes honor\u00e9s d\u2019y contribuer.<\/p>\n\n\n\n<p>Avec ce 30e anniversaire en 2026, l\u2019\u00e9v\u00e9nement promet d\u2019\u00eatre particuli\u00e8rement marquant. Que ce soit votre premi\u00e8re participation ou non, c\u2019est une belle occasion de c\u00e9l\u00e9brer, de cr\u00e9er des liens et de soutenir une cause qui compte.<\/p>\n\n\n\n<p>Nous avons h\u00e2te de vivre une autre soir\u00e9e m\u00e9morable au profit d\u2019ABLE2 et de c\u00e9l\u00e9brer ensemble trois d\u00e9cennies d\u2019engagement, de g\u00e9n\u00e9rosit\u00e9 et d\u2019impact.<\/p>\n\n\n\n<p><strong>Les billets et tables sont en vente jusqu\u2019au 28 avril.<br><a href=\"https:\/\/www.able2.org\/fr\/soiree-dans-les-maritimes-accueil\/\" target=\"_blank\" rel=\"noreferrer noopener\">R\u00e9servez votre place d\u00e8s maintenant et prenez part \u00e0 cette soir\u00e9e anniversaire<\/a><\/strong><\/p>\n","protected":false},"excerpt":{"rendered":"<p>Chez S\u00e9quence Marketing, les partenariats durables sont au c\u0153ur de tout ce que nous faisons, particuli\u00e8rement ceux qui ont un impact concret dans notre communaut\u00e9. C\u2019est pourquoi nous sommes fiers d\u2019agir \u00e0 nouveau comme commanditaire m\u00e9dia de la Soir\u00e9e dans les Maritimes d\u2019ABLE2, qui c\u00e9l\u00e8bre cette ann\u00e9e son 30e anniversaire. Cet \u00e9v\u00e9nement signature est devenu [&hellip;]<\/p>\n","protected":false},"author":1,"featured_media":607,"comment_status":"open","ping_status":"open","sticky":false,"template":"","format":"standard","meta":{"_acf_changed":false,"footnotes":""},"categories":[3],"tags":[],"class_list":["post-588","post","type-post","status-publish","format-standard","has-post-thumbnail","hentry","category-non-classifiee"],"acf":[],"_links":{"self":[{"href":"https:\/\/sequencemarketing.ca\/fr\/wp-json\/wp\/v2\/posts\/588"}],"collection":[{"href":"https:\/\/sequencemarketing.ca\/fr\/wp-json\/wp\/v2\/posts"}],"about":[{"href":"https:\/\/sequencemarketing.ca\/fr\/wp-json\/wp\/v2\/types\/post"}],"author":[{"embeddable":true,"href":"https:\/\/sequencemarketing.ca\/fr\/wp-json\/wp\/v2\/users\/1"}],"replies":[{"embeddable":true,"href":"https:\/\/sequencemarketing.ca\/fr\/wp-json\/wp\/v2\/comments?post=588"}],"version-history":[{"count":5,"href":"https:\/\/sequencemarketing.ca\/fr\/wp-json\/wp\/v2\/posts\/588\/revisions"}],"predecessor-version":[{"id":603,"href":"https:\/\/sequencemarketing.ca\/fr\/wp-json\/wp\/v2\/posts\/588\/revisions\/603"}],"wp:featuredmedia":[{"embeddable":true,"href":"https:\/\/sequencemarketing.ca\/fr\/wp-json\/wp\/v2\/media\/607"}],"wp:attachment":[{"href":"https:\/\/sequencemarketing.ca\/fr\/wp-json\/wp\/v2\/media?parent=588"}],"wp:term":[{"taxonomy":"category","embeddable":true,"href":"https:\/\/sequencemarketing.ca\/fr\/wp-json\/wp\/v2\/categories?post=588"},{"taxonomy":"post_tag","embeddable":true,"href":"https:\/\/sequencemarketing.ca\/fr\/wp-json\/wp\/v2\/tags?post=588"}],"curies":[{"name":"wp","href":"https:\/\/api.w.org\/{rel}","templated":true}]}}